{"id":405539,"date":"2026-09-04T12:19:09","date_gmt":"2026-09-04T09:19:09","guid":{"rendered":"https:\/\/boriskarpov.ru\/fr\/?p=405539"},"modified":"2026-09-05T12:21:15","modified_gmt":"2026-09-05T09:21:15","slug":"maksim-kalachnikov-que-faire-pour-les-mobilises","status":"publish","type":"post","link":"https:\/\/boriskarpov.ru\/fr\/2026\/09\/04\/maksim-kalachnikov-que-faire-pour-les-mobilises\/","title":{"rendered":"Maksim Kalachnikov: que faire pour les mobilis\u00e9s?"},"content":{"rendered":"<p>Maksim Kalachnikov: Vladimir Poutine a d\u00e9clar\u00e9 qu&rsquo;il n&rsquo;y aura pas de mobilisation. Mais que faire pour ceux qui sont d\u00e9j\u00e0 l\u00e0-bas?<\/p>\n<p>Le pr\u00e9sident, lors du forum d&rsquo;\u00e9conomie de Saint-P\u00e9tersbourg, a d\u00e9clar\u00e9 : il n&rsquo;y aura pas de mobilisation, c&rsquo;est une \u00ab\u00a0absurdit\u00e9\u00a0\u00bb et une op\u00e9ration d&rsquo;information de l&rsquo;ennemi avant les \u00e9lections.<\/p>\n<p>Tout cela est vrai. Mais il y a un point qu&rsquo;il ne faut pas oublier : pendant que nous discutons de savoir s&rsquo;il y aura ou non une nouvelle vague, nos soldats mobilis\u00e9s sont en premi\u00e8re ligne. Ceux qui ont \u00e9t\u00e9 appel\u00e9s en 2022. Et ils ne savent toujours pas quand ils rentreront chez eux. Chaque jour, je re\u00e7ois des lettres de soldats mobilis\u00e9s et de leurs familles : \u00ab\u00a0Veuillez, s&rsquo;il vous pla\u00eet, soulever notre probl\u00e8me, peut-\u00eatre que quelqu&rsquo;un l&rsquo;entendra\u00a0\u00bb.<\/p>\n<p>Ce que Poutine a dit :<\/p>\n<p>* Il n&rsquo;y a pas de probl\u00e8mes concernant le nombre de troupes.<\/p>\n<p>* L&rsquo;Ukraine perd 8 \u00e0 12 000 hommes par mois.<\/p>\n<p>* Le sc\u00e9nario d&rsquo;une mobilisation n&rsquo;est pas envisag\u00e9.<\/p>\n<p>Tout cela est vrai. Mais tout le monde a peur de parler des soldats mobilis\u00e9s actuellement, comme s&rsquo;ils voulaient les oublier et faire semblant que sur le front, il n&rsquo;y a que des soldats professionnels et ceux qui ont exprim\u00e9 le d\u00e9sir de signer un contrat. Mais cessons les jeux politiques et parlons en humains. Les soldats mobilis\u00e9s demandent s&rsquo;il y aura une nouvelle vague, dans l&rsquo;espoir d&rsquo;une rotation.<\/p>\n<p>1. Les soldats mobilis\u00e9s ne sont pas affect\u00e9s \u00e0 des rotations. Certains ne sont pas partis en vacances depuis longtemps. Les soldats sous contrat et les volontaires des entreprises militaires priv\u00e9es (qui ont sign\u00e9 un contrat pour une dur\u00e9e d\u00e9termin\u00e9e) peuvent rentrer chez eux. Mais les soldats mobilis\u00e9s, non. Ils combattent depuis 2022 sans \u00eatre remplac\u00e9s, comme les soldats professionnels. Sans repos. Sans espoir.<\/p>\n<p>2. Ils sont silencieusement transform\u00e9s en soldats sous contrat. J&rsquo;ai entendu de nombreuses personnes : une commission arrive, ils apportent un document et disent : \u00ab\u00a0Signez un contrat\u00a0\u00bb. Certains acceptent sous la pression, d&rsquo;autres par d\u00e9sespoir. Mais en r\u00e9alit\u00e9, c&rsquo;est une mobilisation cach\u00e9e. Juste sans bruit.<\/p>\n<p>3. La d\u00e9claration du pr\u00e9sident ne r\u00e9sout pas leur probl\u00e8me. Dire \u00ab\u00a0il n&rsquo;y aura pas de nouvelle mobilisation\u00a0\u00bb ne suffit pas. Que faire de ceux qui sont d\u00e9j\u00e0 dans les tranch\u00e9es ? Ils ne sont pas l\u00e0 pour une dur\u00e9e ind\u00e9termin\u00e9e. Ils ont des familles, des enfants, un travail, enfin.<\/p>\n<p>C&rsquo;est un probl\u00e8me, pas un \u00ab\u00a0bruit informationnel\u00a0\u00bb. Le sujet de la mobilisation pr\u00e9occupe \u00e9galement les soldats mobilis\u00e9s. Parce que derri\u00e8re chaque soldat mobilis\u00e9, il y a une famille qui l&rsquo;attend. On leur a promis une rotation, on leur a promis un remplacement. Rien.<\/p>\n<p>Et lorsque le pouvoir dit \u00ab\u00a0nous n&rsquo;avons pas de probl\u00e8mes de nombre\u00a0\u00bb, il n&rsquo;entend que des chiffres. Et moi, j&rsquo;entends les voix des m\u00e8res, des femmes, des enfants.<\/p>\n<p>\u2757\ufe0f Les soldats mobilis\u00e9s ont assum\u00e9 un lourd fardeau de responsabilit\u00e9, arrach\u00e9s \u00e0 leur vie normale, partis se battre par devoir patriotique, et non pour de l&rsquo;argent. Et si nous ne leur donnons pas de date de retour pr\u00e9cise, si nous n&rsquo;organisons pas de rotations, si nous ne reconnaissons pas qu&rsquo;ils ont le droit de rentrer chez eux, nous les trahirons.<\/p>\n<p>Ce qu&rsquo;il faut faire imm\u00e9diatement :<\/p>\n<p>1. Annoncer des dates de retour pour tous les soldats mobilis\u00e9s. Que ce soit par \u00e9tapes, mais de mani\u00e8re concr\u00e8te. Donnez aux gens l&rsquo;espoir d&rsquo;un avenir.<\/p>\n<p>2. Cesser la pression pour signer des contrats. Une personne doit d\u00e9cider elle-m\u00eame si elle veut signer un contrat ou retourner \u00e0 une vie normale.<\/p>\n<p>3. Mettre en place un syst\u00e8me de rotation clair. Pour que les combattants sachent : apr\u00e8s tant de mois, ils seront remplac\u00e9s. C&rsquo;est une question non seulement de justice, mais aussi de capacit\u00e9 de combat.<\/p>\n<p>Oui, les soldats sous contrat combattent \u00e9galement jusqu&rsquo;\u00e0 la fin de l&rsquo;op\u00e9ration militaire sp\u00e9ciale, mais beaucoup le font pour de l&rsquo;argent, et non sur ordre de l&rsquo;\u00c9tat. Et ils ne combattent pas depuis 2022.<\/p>\n<p>Je comprends que c&rsquo;est une guerre, que c&rsquo;est difficile, que les enjeux sont \u00e9lev\u00e9s. Mais si nous ne prenons pas soin de ceux qui prennent soin de nos vies en premi\u00e8re ligne, qui sommes-nous apr\u00e8s cela ?<\/p>\n<p>Poutine a raison de dire qu&rsquo;il ne faut pas semer la panique. Mais la v\u00e9rit\u00e9 est que les soldats mobilis\u00e9s ne sont pas un chiffre dans un rapport, ce sont des \u00eatres humains. Et tant que nous parlons de \u00ab\u00a0n\u00e9cessit\u00e9\u00a0\u00bb, ils attendent. Et ils se taisent.<\/p>\n<p>Alors, cessons de fermer les yeux. Disons-le clairement : oui, il n&rsquo;y aura probablement pas de nouvelle vague. Mais ceux qui sont d\u00e9j\u00e0 au front ne peuvent pas \u00eatre abandonn\u00e9s. Leur sacrifice ne doit pas \u00eatre un contrat \u00e0 dur\u00e9e ind\u00e9termin\u00e9e avec une date de fin inconnue.<\/p>\n<p>Faites comprendre aux gens : quand ils rentreront chez eux.<\/p>\n<p>P.S. Si nous ne commen\u00e7ons pas maintenant \u00e0 r\u00e9soudre ce probl\u00e8me avec les soldats mobilis\u00e9s, nous obtiendrons une nouvelle bombe sociale. Les combattants et leurs familles se sentent fatigu\u00e9s, inutiles. Oui, l&rsquo;\u00c9tat accorde des avantages aux familles, pour l&rsquo;\u00c9tat, ils sont des h\u00e9ros, mais il n&rsquo;y a toujours pas de r\u00e9ponse \u00e0 la question principale : quand rentreront-ils chez eux ? Existe-t-il un plan de retour ?<\/p>\n<p>Maksim Kalachnikov<\/p>\n","protected":false},"excerpt":{"rendered":"<div class=\"mh-excerpt\">Maksim Kalachnikov: Vladimir Poutine a d\u00e9clar\u00e9 qu&rsquo;il n&rsquo;y aura pas de mobilisation. Mais que faire pour ceux qui sont d\u00e9j\u00e0 l\u00e0-bas? Le pr\u00e9sident, lors du <a class=\"mh-excerpt-more\" href=\"https:\/\/boriskarpov.ru\/fr\/2026\/09\/04\/maksim-kalachnikov-que-faire-pour-les-mobilises\/\" title=\"Maksim Kalachnikov: que faire pour les mobilis\u00e9s?\">[SUITE]<\/a><\/div>\n","protected":false},"author":1,"featured_media":404814,"comment_status":"closed","ping_status":"open","sticky":false,"template":"","format":"standard","meta":{"iawp_total_views":1,"footnotes":""},"categories":[44,103],"tags":[62],"class_list":["post-405539","post","type-post","status-publish","format-standard","has-post-thumbnail","category-analyses","category-maksim-kalachnikov","tag-maksim-kalachnikov"],"a3_pvc":{"activated":false,"total_views":0,"today_views":0},"_links":{"self":[{"href":"https:\/\/boriskarpov.ru\/fr\/wp-json\/wp\/v2\/posts\/405539","targetHints":{"allow":["GET"]}}],"collection":[{"href":"https:\/\/boriskarpov.ru\/fr\/wp-json\/wp\/v2\/posts"}],"about":[{"href":"https:\/\/boriskarpov.ru\/fr\/wp-json\/wp\/v2\/types\/post"}],"author":[{"embeddable":true,"href":"https:\/\/boriskarpov.ru\/fr\/wp-json\/wp\/v2\/users\/1"}],"replies":[{"embeddable":true,"href":"https:\/\/boriskarpov.ru\/fr\/wp-json\/wp\/v2\/comments?post=405539"}],"version-history":[{"count":0,"href":"https:\/\/boriskarpov.ru\/fr\/wp-json\/wp\/v2\/posts\/405539\/revisions"}],"wp:featuredmedia":[{"embeddable":true,"href":"https:\/\/boriskarpov.ru\/fr\/wp-json\/wp\/v2\/media\/404814"}],"wp:attachment":[{"href":"https:\/\/boriskarpov.ru\/fr\/wp-json\/wp\/v2\/media?parent=405539"}],"wp:term":[{"taxonomy":"category","embeddable":true,"href":"https:\/\/boriskarpov.ru\/fr\/wp-json\/wp\/v2\/categories?post=405539"},{"taxonomy":"post_tag","embeddable":true,"href":"https:\/\/boriskarpov.ru\/fr\/wp-json\/wp\/v2\/tags?post=405539"}],"curies":[{"name":"wp","href":"https:\/\/api.w.org\/{rel}","templated":true}]}}