{"id":405520,"date":"2026-08-31T22:06:18","date_gmt":"2026-08-31T19:06:18","guid":{"rendered":"https:\/\/boriskarpov.ru\/fr\/?p=405520"},"modified":"2026-09-03T22:07:50","modified_gmt":"2026-09-03T19:07:50","slug":"reponses-digor-strelkov","status":"publish","type":"post","link":"https:\/\/boriskarpov.ru\/fr\/2026\/08\/31\/reponses-digor-strelkov\/","title":{"rendered":"R\u00e9ponses d&rsquo;Igor Strelkov"},"content":{"rendered":"<p><em>Question : Verchinin affirme que le r\u00f4le de l&rsquo;\u00c9tat devient primordial, mais il parle aussi de la d\u00e9sint\u00e9gration du syst\u00e8me. D&rsquo;autres analystes parlent de corporatisme et de technocratie. Que pensez-vous de cela ?<\/em><\/p>\n<p>La question est extr\u00eamement complexe. Autrement dit, je ne comprends pas tout \u00e0 fait ce que chacun dit, car il faut des \u00e9claircissements pour savoir ce que chacun entend par l\u00e0.<\/p>\n<p>Je vais peut-\u00eatre seulement commenter la premi\u00e8re partie : Verchinin affirme que le r\u00f4le de l&rsquo;\u00c9tat devient primordial, et en m\u00eame temps, le syst\u00e8me se d\u00e9sint\u00e8gre. C&rsquo;est tout \u00e0 fait logique, il n&rsquo;y a aucune contradiction.<\/p>\n<p>Nous sommes au cinqui\u00e8me ann\u00e9e d&rsquo;une guerre difficile, infructueuse et susceptible de provoquer de graves bouleversements. Le pays ne peut sortir de cette situation que sous la direction d&rsquo;un \u00c9tat fort et puissant, avec une direction \u00e9tatique ad\u00e9quate, avec une \u00e9lite \u00e9tatique forte et raisonnable, qui remplira ses fonctions.<\/p>\n<p>En m\u00eame temps, nous avons une situation compl\u00e8tement oppos\u00e9e du point de vue que l&rsquo;\u00c9tat est dirig\u00e9 par des personnes qui, tout d&rsquo;abord, sont tr\u00e8s \u00e2g\u00e9es, et, deuxi\u00e8mement, qui ont d\u00e9j\u00e0 prouv\u00e9 \u00e0 maintes reprises leur totale incomp\u00e9tence et leur inad\u00e9quation, qui ont compl\u00e8tement \u00e9chou\u00e9 dans toutes les t\u00e2ches nationales strat\u00e9giques, et qui, de plus, ne savent m\u00eame pas formuler ce qu&rsquo;elles veulent r\u00e9ellement \u00e0 l&rsquo;\u00e9chelle strat\u00e9gique. Sous leur direction, l&rsquo;\u00c9tat n&rsquo;a pas progress\u00e9, mais s&rsquo;est pratiquement seulement d\u00e9grad\u00e9, tant sur le plan \u00e9conomique que social.<\/p>\n<p>Des personnes qui ont d\u00e9truit les m\u00e9canismes de mobilit\u00e9 sociale et qui ont tent\u00e9 de se \u00ab\u00a0retrancher\u00a0\u00bb en une sorte d&rsquo;\u00e9lite pseudo-f\u00e9odale, et je souligne, une \u00e9lite qui d\u00e9montre davantage de qualit\u00e9s n\u00e9gatives que positives.<\/p>\n<p>Objectivement, pour sortir de ce marasme, nous avons besoin d&rsquo;un \u00c9tat fort, puissant et ad\u00e9quat, sinon, nous ne pourrons pas y parvenir, et nous nous autod\u00e9truirons.<\/p>\n<p>Subjectivement, nous ne constatons rien de tel au sein de notre \u00e9lite, et, par cons\u00e9quent, le r\u00e9sultat de la crise peut \u00eatre tout \u00e0 fait oppos\u00e9 \u00e0 ce que nous souhaitons.<\/p>\n<p>Donc, je ne vois aucune contradiction dans les propos de Verchinin, absolument aucune. Objectivement, nous avons besoin d&rsquo;un \u00c9tat, mais subjectivement, il est dirig\u00e9 par des personnes qui ne sont pas capables de le diriger.<\/p>\n<p>Igor Strelkov<\/p>\n","protected":false},"excerpt":{"rendered":"<div class=\"mh-excerpt\">Question : Verchinin affirme que le r\u00f4le de l&rsquo;\u00c9tat devient primordial, mais il parle aussi de la d\u00e9sint\u00e9gration du syst\u00e8me. D&rsquo;autres analystes parlent de corporatisme <a class=\"mh-excerpt-more\" href=\"https:\/\/boriskarpov.ru\/fr\/2026\/08\/31\/reponses-digor-strelkov\/\" title=\"R\u00e9ponses d&rsquo;Igor Strelkov\">[SUITE]<\/a><\/div>\n","protected":false},"author":1,"featured_media":405521,"comment_status":"closed","ping_status":"open","sticky":false,"template":"","format":"standard","meta":{"iawp_total_views":1,"footnotes":""},"categories":[44,107],"tags":[65],"class_list":["post-405520","post","type-post","status-publish","format-standard","has-post-thumbnail","category-analyses","category-igor-strelkov","tag-igor-strelkov"],"a3_pvc":{"activated":false,"total_views":0,"today_views":0},"_links":{"self":[{"href":"https:\/\/boriskarpov.ru\/fr\/wp-json\/wp\/v2\/posts\/405520","targetHints":{"allow":["GET"]}}],"collection":[{"href":"https:\/\/boriskarpov.ru\/fr\/wp-json\/wp\/v2\/posts"}],"about":[{"href":"https:\/\/boriskarpov.ru\/fr\/wp-json\/wp\/v2\/types\/post"}],"author":[{"embeddable":true,"href":"https:\/\/boriskarpov.ru\/fr\/wp-json\/wp\/v2\/users\/1"}],"replies":[{"embeddable":true,"href":"https:\/\/boriskarpov.ru\/fr\/wp-json\/wp\/v2\/comments?post=405520"}],"version-history":[{"count":0,"href":"https:\/\/boriskarpov.ru\/fr\/wp-json\/wp\/v2\/posts\/405520\/revisions"}],"wp:featuredmedia":[{"embeddable":true,"href":"https:\/\/boriskarpov.ru\/fr\/wp-json\/wp\/v2\/media\/405521"}],"wp:attachment":[{"href":"https:\/\/boriskarpov.ru\/fr\/wp-json\/wp\/v2\/media?parent=405520"}],"wp:term":[{"taxonomy":"category","embeddable":true,"href":"https:\/\/boriskarpov.ru\/fr\/wp-json\/wp\/v2\/categories?post=405520"},{"taxonomy":"post_tag","embeddable":true,"href":"https:\/\/boriskarpov.ru\/fr\/wp-json\/wp\/v2\/tags?post=405520"}],"curies":[{"name":"wp","href":"https:\/\/api.w.org\/{rel}","templated":true}]}}